{"id":7,"date":"2021-06-02T20:36:22","date_gmt":"2021-06-02T18:36:22","guid":{"rendered":"https:\/\/www.carolineauque.com\/carolinesblog\/?p=7"},"modified":"2021-06-02T20:40:41","modified_gmt":"2021-06-02T18:40:41","slug":"allegria-weinsinn","status":"publish","type":"post","link":"https:\/\/www.carolineauque.com\/carolinesblog\/2021\/06\/02\/allegria-weinsinn\/","title":{"rendered":"Allegria &#038; WeinSinn"},"content":{"rendered":"\n<div class=\"wp-block-image\"><figure class=\"aligncenter size-large is-resized\"><img loading=\"lazy\" src=\"https:\/\/www.carolineauque.com\/carolinesblog\/wp-content\/uploads\/sites\/3\/2021\/06\/Allegria-Bild-I-1024x605.jpeg\" alt=\"\" class=\"wp-image-11\" width=\"162\" height=\"95\" srcset=\"https:\/\/www.carolineauque.com\/carolinesblog\/wp-content\/uploads\/sites\/3\/2021\/06\/Allegria-Bild-I-1024x605.jpeg 1024w, https:\/\/www.carolineauque.com\/carolinesblog\/wp-content\/uploads\/sites\/3\/2021\/06\/Allegria-Bild-I-300x177.jpeg 300w, https:\/\/www.carolineauque.com\/carolinesblog\/wp-content\/uploads\/sites\/3\/2021\/06\/Allegria-Bild-I-768x453.jpeg 768w, https:\/\/www.carolineauque.com\/carolinesblog\/wp-content\/uploads\/sites\/3\/2021\/06\/Allegria-Bild-I-1536x907.jpeg 1536w, https:\/\/www.carolineauque.com\/carolinesblog\/wp-content\/uploads\/sites\/3\/2021\/06\/Allegria-Bild-I-2048x1209.jpeg 2048w\" sizes=\"(max-width: 162px) 100vw, 162px\" \/><\/figure><\/div>\n\n\n\n<p class=\"has-text-align-left\">Ich freue mich, dass wir K\u00fcnstler unser Leben in der \u00d6ffentlichkeit wieder aufnehmen und unsere Vorlieben &#8211; in meinem Fall Musik und Kulinarik &#8211; mit den Menschen teilen k\u00f6nnen.<\/p>\n\n\n\n<div class=\"wp-block-image\"><figure class=\"aligncenter size-large is-resized\"><img loading=\"lazy\" src=\"https:\/\/www.carolineauque.com\/carolinesblog\/wp-content\/uploads\/sites\/3\/2021\/06\/weinsinn_logo_3d-1024x952.png\" alt=\"\" class=\"wp-image-9\" width=\"122\" height=\"113\" srcset=\"https:\/\/www.carolineauque.com\/carolinesblog\/wp-content\/uploads\/sites\/3\/2021\/06\/weinsinn_logo_3d-1024x952.png 1024w, https:\/\/www.carolineauque.com\/carolinesblog\/wp-content\/uploads\/sites\/3\/2021\/06\/weinsinn_logo_3d-300x279.png 300w, https:\/\/www.carolineauque.com\/carolinesblog\/wp-content\/uploads\/sites\/3\/2021\/06\/weinsinn_logo_3d-768x714.png 768w, https:\/\/www.carolineauque.com\/carolinesblog\/wp-content\/uploads\/sites\/3\/2021\/06\/weinsinn_logo_3d-1536x1428.png 1536w, https:\/\/www.carolineauque.com\/carolinesblog\/wp-content\/uploads\/sites\/3\/2021\/06\/weinsinn_logo_3d.png 1740w\" sizes=\"(max-width: 122px) 100vw, 122px\" \/><\/figure><\/div>\n\n\n\n<p class=\"has-text-align-left has-dark-gray-color has-text-color\">Mit Freude laden Nina Schmid, Weinh\u00e4ndlerin mit hervorragendem Geschmack und ich Sie auf eine musikulinarische Reise ein, die Ihre 5 Sinne erweckt.<\/p>\n\n\n\n<p class=\"has-text-align-center has-dark-gray-color has-text-color\"><span style=\"color:#a30400\" class=\"has-inline-color\">5 G\u00e4nge verf\u00fchrerischer Pintxos (das baskische Pendant zu Tapas) aus<br>einer franz\u00f6sisch-mediterranen K\u00fcche mit einem Hauch von Orient.<br>Dazu erlesene Weine.<br>Begleitet von  Jazz &amp; Chanson Kl\u00e4ngen Live<\/span><\/p>\n\n\n\n<p class=\"has-text-align-left\">Dieser genussvolle Abend sollte im Gr\u00fcnen stattfinden &#8230; die Gelsen machen uns einen Strich durch die Rechnung, also verlegen wir das Ganze nach Wien. <\/p>\n\n\n\n<p class=\"has-text-align-left\"><\/p>\n\n\n\n<p class=\"has-text-align-center\"><strong>Freitag 11. Juni 2021 18h<\/strong><br><br>Tagesmitgliedsbeitrag 79 Euro<br>Reservierung erforderlich<br><sub>Amulett \u2013 Verein zur F\u00f6rderung der Leichtigkeit des Seins durch Kunst und Kultur<br>ZVR-Zahl: 627785886<\/sub><\/p>\n\n\n\n<p><\/p>\n\n\n\n<p><sub>Caroline Auque &#8211; Tel.: 0650 8840539 &#8211; Mail : info@carolineauque.com<br>                                  <br>Nina Schmid &#8211; Tel.: 0699 11 17 53 16 &#8211; Mail : info@wein-sinn.at<br><a href=\"http:\/\/www.wein-sinn.at\" data-type=\"URL\" data-id=\"www.wein-sinn.at\"> www.wein-sinn.at<\/a><\/sub><\/p>\n\n\n\n<p><\/p>\n","protected":false},"excerpt":{"rendered":"<p>Ich freue mich, dass wir K\u00fcnstler unser Leben in der \u00d6ffentlichkeit wieder aufnehmen und unsere Vorlieben &#8211; in meinem Fall Musik und Kulinarik &#8211; mit den Menschen teilen k\u00f6nnen. Mit Freude laden Nina Schmid, Weinh\u00e4ndlerin mit hervorragendem Geschmack und ich Sie auf eine musikulinarische Reise ein, die Ihre 5 Sinne erweckt. 5 G\u00e4nge verf\u00fchrerischer Pintxos &hellip; <a href=\"https:\/\/www.carolineauque.com\/carolinesblog\/2021\/06\/02\/allegria-weinsinn\/\" class=\"more-link\"><span class=\"screen-reader-text\">Allegria &#038; WeinSinn<\/span> weiterlesen<\/a><\/p>\n","protected":false},"author":1,"featured_media":0,"comment_status":"open","ping_status":"open","sticky":false,"template":"","format":"standard","meta":[],"categories":[1],"tags":[],"_links":{"self":[{"href":"https:\/\/www.carolineauque.com\/carolinesblog\/wp-json\/wp\/v2\/posts\/7"}],"collection":[{"href":"https:\/\/www.carolineauque.com\/carolinesblog\/wp-json\/wp\/v2\/posts"}],"about":[{"href":"https:\/\/www.carolineauque.com\/carolinesblog\/wp-json\/wp\/v2\/types\/post"}],"author":[{"embeddable":true,"href":"https:\/\/www.carolineauque.com\/carolinesblog\/wp-json\/wp\/v2\/users\/1"}],"replies":[{"embeddable":true,"href":"https:\/\/www.carolineauque.com\/carolinesblog\/wp-json\/wp\/v2\/comments?post=7"}],"version-history":[{"count":7,"href":"https:\/\/www.carolineauque.com\/carolinesblog\/wp-json\/wp\/v2\/posts\/7\/revisions"}],"predecessor-version":[{"id":17,"href":"https:\/\/www.carolineauque.com\/carolinesblog\/wp-json\/wp\/v2\/posts\/7\/revisions\/17"}],"wp:attachment":[{"href":"https:\/\/www.carolineauque.com\/carolinesblog\/wp-json\/wp\/v2\/media?parent=7"}],"wp:term":[{"taxonomy":"category","embeddable":true,"href":"https:\/\/www.carolineauque.com\/carolinesblog\/wp-json\/wp\/v2\/categories?post=7"},{"taxonomy":"post_tag","embeddable":true,"href":"https:\/\/www.carolineauque.com\/carolinesblog\/wp-json\/wp\/v2\/tags?post=7"}],"curies":[{"name":"wp","href":"https:\/\/api.w.org\/{rel}","templated":true}]}}